{"id":4728,"date":"2026-09-02T19:20:28","date_gmt":"2026-09-02T17:20:28","guid":{"rendered":"https:\/\/buergerforum-mengen.de\/blog\/wordpress\/?p=4728"},"modified":"2026-09-02T19:20:28","modified_gmt":"2026-09-02T17:20:28","slug":"wanderbar-beim-tc-mengen","status":"publish","type":"post","link":"https:\/\/buergerforum-mengen.de\/blog\/wordpress\/2026\/09\/wanderbar-beim-tc-mengen\/","title":{"rendered":"WANDERBAR beim TC Mengen"},"content":{"rendered":"<p>Donnerstag, 10.09.2026, ab 19 Uhr:<\/p>\n<p>Wie im vergangenen Jahr l\u00e4dt der Tennisclub Mengen herzlich ein zur WANDERBAR!<\/p>\n<p>Bei sch\u00f6nem Wetter kann man auf der Terrasse unter den Sonnenschirmen gem\u00fctlich sitzen, bei Regen finden wir unter dem Vordach oder im Clubheim Platz. Herzliche Einladung an alle zum entspannten Treff beim Tennisclub.<\/p>\n","protected":false},"excerpt":{"rendered":"<p>Donnerstag, 10.09.2026, ab 19 Uhr: Wie im vergangenen Jahr l\u00e4dt der Tennisclub Mengen herzlich ein zur WANDERBAR! Bei sch\u00f6nem Wetter kann man auf der Terrasse unter den Sonnenschirmen gem\u00fctlich sitzen, bei Regen finden wir unter dem Vordach oder im Clubheim &hellip; <a href=\"https:\/\/buergerforum-mengen.de\/blog\/wordpress\/2026\/09\/wanderbar-beim-tc-mengen\/\">Weiterlesen <span class=\"meta-nav\">&rarr;<\/span><\/a><\/p>\n","protected":false},"author":3,"featured_media":0,"comment_status":"closed","ping_status":"closed","sticky":false,"template":"","format":"standard","meta":{"_bbp_topic_count":0,"_bbp_reply_count":0,"_bbp_total_topic_count":0,"_bbp_total_reply_count":0,"_bbp_voice_count":0,"_bbp_anonymous_reply_count":0,"_bbp_topic_count_hidden":0,"_bbp_reply_count_hidden":0,"_bbp_forum_subforum_count":0,"footnotes":""},"categories":[1],"tags":[],"class_list":["post-4728","post","type-post","status-publish","format-standard","hentry","category-allgemein"],"_links":{"self":[{"href":"https:\/\/buergerforum-mengen.de\/blog\/wordpress\/wp-json\/wp\/v2\/posts\/4728","targetHints":{"allow":["GET"]}}],"collection":[{"href":"https:\/\/buergerforum-mengen.de\/blog\/wordpress\/wp-json\/wp\/v2\/posts"}],"about":[{"href":"https:\/\/buergerforum-mengen.de\/blog\/wordpress\/wp-json\/wp\/v2\/types\/post"}],"author":[{"embeddable":true,"href":"https:\/\/buergerforum-mengen.de\/blog\/wordpress\/wp-json\/wp\/v2\/users\/3"}],"replies":[{"embeddable":true,"href":"https:\/\/buergerforum-mengen.de\/blog\/wordpress\/wp-json\/wp\/v2\/comments?post=4728"}],"version-history":[{"count":1,"href":"https:\/\/buergerforum-mengen.de\/blog\/wordpress\/wp-json\/wp\/v2\/posts\/4728\/revisions"}],"predecessor-version":[{"id":4729,"href":"https:\/\/buergerforum-mengen.de\/blog\/wordpress\/wp-json\/wp\/v2\/posts\/4728\/revisions\/4729"}],"wp:attachment":[{"href":"https:\/\/buergerforum-mengen.de\/blog\/wordpress\/wp-json\/wp\/v2\/media?parent=4728"}],"wp:term":[{"taxonomy":"category","embeddable":true,"href":"https:\/\/buergerforum-mengen.de\/blog\/wordpress\/wp-json\/wp\/v2\/categories?post=4728"},{"taxonomy":"post_tag","embeddable":true,"href":"https:\/\/buergerforum-mengen.de\/blog\/wordpress\/wp-json\/wp\/v2\/tags?post=4728"}],"curies":[{"name":"wp","href":"https:\/\/api.w.org\/{rel}","templated":true}]}}