{"id":4552,"date":"2026-04-29T19:55:38","date_gmt":"2026-04-29T17:55:38","guid":{"rendered":"https:\/\/buergerforum-mengen.de\/blog\/wordpress\/?p=4552"},"modified":"2026-04-29T19:55:38","modified_gmt":"2026-04-29T17:55:38","slug":"rueckblick-verschenkemarkt-in-der-halle-mengen-am-25-04-2026","status":"publish","type":"post","link":"https:\/\/buergerforum-mengen.de\/blog\/wordpress\/2026\/04\/rueckblick-verschenkemarkt-in-der-halle-mengen-am-25-04-2026\/","title":{"rendered":"R\u00dcCKBLICK: Verschenkemarkt in der Halle Mengen am 25.04.2026"},"content":{"rendered":"<p>Mehr als 50 ehrenamtliche Helfer waren am vergangenen Samstag wieder im Einsatz und haben unseren Verschenke-Markt zu einem gro\u00dfen Erfolg gemacht! Vom fr\u00fchen Morgen bis zur Mittagszeit wurden viele Sachen bei uns abgegeben, davon sehr viele in gutem Zustand, teils sogar noch original verpackt. Die gespendeten Sachen wurden von den Helfern sortiert und auf Tischen in der Halle pr\u00e4sentiert. Die Halle war dann gut gef\u00fcllt.<\/p>\n<p><a href=\"https:\/\/buergerforum-mengen.de\/blog\/wordpress\/wp-content\/uploads\/2026\/04\/2026-04-29-Verschenke-scaled.jpg\"><img loading=\"lazy\" decoding=\"async\" class=\"alignnone size-large wp-image-4553\" src=\"https:\/\/buergerforum-mengen.de\/blog\/wordpress\/wp-content\/uploads\/2026\/04\/2026-04-29-Verschenke-1024x1024.jpg\" alt=\"\" width=\"640\" height=\"640\" srcset=\"https:\/\/buergerforum-mengen.de\/blog\/wordpress\/wp-content\/uploads\/2026\/04\/2026-04-29-Verschenke-1024x1024.jpg 1024w, https:\/\/buergerforum-mengen.de\/blog\/wordpress\/wp-content\/uploads\/2026\/04\/2026-04-29-Verschenke-300x300.jpg 300w, https:\/\/buergerforum-mengen.de\/blog\/wordpress\/wp-content\/uploads\/2026\/04\/2026-04-29-Verschenke-150x150.jpg 150w, https:\/\/buergerforum-mengen.de\/blog\/wordpress\/wp-content\/uploads\/2026\/04\/2026-04-29-Verschenke-768x768.jpg 768w, https:\/\/buergerforum-mengen.de\/blog\/wordpress\/wp-content\/uploads\/2026\/04\/2026-04-29-Verschenke-1536x1536.jpg 1536w, https:\/\/buergerforum-mengen.de\/blog\/wordpress\/wp-content\/uploads\/2026\/04\/2026-04-29-Verschenke-2048x2048.jpg 2048w\" sizes=\"auto, (max-width: 640px) 100vw, 640px\" \/><\/a><\/p>\n<p>Nach einem gemeinsamen Vesper mit allen Helfern wurden nachmittags die T\u00fcren ge\u00f6ffnet und eine gro\u00dfe Menge an Besuchern str\u00f6mte in die Halle. Schon nach einer Viertelstunde hatte ein Gro\u00dfteil der gespendeten Sachen wieder neue Besitzer, die teils mit leuchtenden Augen die Halle wieder verlie\u00dfen. Selbst wenn es f\u00fcr uns ein anstrengender Tag war, so hat es doch allen gro\u00dfen Spa\u00df gemacht. Von den Besuchern kam auch sehr viel Lob f\u00fcr diese Aktion, die ganz im Zeichen der Nachhaltigkeit steht. Ein herzliches Dankesch\u00f6n geht an alle ehrenamtlichen Helfer vor und hinter den Kulissen, die sich teils \u00fcber den ganzen Tag engagiert haben. Dank auch an alle, die uns mit einer Kuchenspende unterst\u00fctzt haben. Auch f\u00fcr den leckeren Kartoffelsalat f\u00fcrs Mittagessen der Helfer sagen wir herzlich Danke. Ein dickes Dankesch\u00f6n geht an die Gemeinde Schallstadt f\u00fcr die Unterst\u00fctzung und vor allem an Olaf Jost, der mit seinem Einsatz und einer geh\u00f6rigen Portion Gelassenheit unser \u201eguter Geist\u201c im Hintergrund war.<\/p>\n<p>F\u00fcr alle, die am letzten Samstag nicht dabei waren, gibt es eine zweite Chance: Am Samstag, 11.7.2026 findet von 9 &#8211; 17 Uhr auch wieder der Verschenke-Tag in der Gesamtgemeinde statt! Hier kann jeder vor seiner Haust\u00fcr Sachen zum Verschenken bereitstellen, Passanten k\u00f6nnen sich hier dann wieder an den geschenkten Gegenst\u00e4nden bedienen. Weitere Infos gibt es rechtzeitig im Mitteilungsblatt.<\/p>\n","protected":false},"excerpt":{"rendered":"<p>Mehr als 50 ehrenamtliche Helfer waren am vergangenen Samstag wieder im Einsatz und haben unseren Verschenke-Markt zu einem gro\u00dfen Erfolg gemacht! Vom fr\u00fchen Morgen bis zur Mittagszeit wurden viele Sachen bei uns abgegeben, davon sehr viele in gutem Zustand, teils &hellip; <a href=\"https:\/\/buergerforum-mengen.de\/blog\/wordpress\/2026\/04\/rueckblick-verschenkemarkt-in-der-halle-mengen-am-25-04-2026\/\">Weiterlesen <span class=\"meta-nav\">&rarr;<\/span><\/a><\/p>\n","protected":false},"author":3,"featured_media":0,"comment_status":"closed","ping_status":"closed","sticky":false,"template":"","format":"standard","meta":{"_bbp_topic_count":0,"_bbp_reply_count":0,"_bbp_total_topic_count":0,"_bbp_total_reply_count":0,"_bbp_voice_count":0,"_bbp_anonymous_reply_count":0,"_bbp_topic_count_hidden":0,"_bbp_reply_count_hidden":0,"_bbp_forum_subforum_count":0,"footnotes":""},"categories":[1],"tags":[],"class_list":["post-4552","post","type-post","status-publish","format-standard","hentry","category-allgemein"],"_links":{"self":[{"href":"https:\/\/buergerforum-mengen.de\/blog\/wordpress\/wp-json\/wp\/v2\/posts\/4552","targetHints":{"allow":["GET"]}}],"collection":[{"href":"https:\/\/buergerforum-mengen.de\/blog\/wordpress\/wp-json\/wp\/v2\/posts"}],"about":[{"href":"https:\/\/buergerforum-mengen.de\/blog\/wordpress\/wp-json\/wp\/v2\/types\/post"}],"author":[{"embeddable":true,"href":"https:\/\/buergerforum-mengen.de\/blog\/wordpress\/wp-json\/wp\/v2\/users\/3"}],"replies":[{"embeddable":true,"href":"https:\/\/buergerforum-mengen.de\/blog\/wordpress\/wp-json\/wp\/v2\/comments?post=4552"}],"version-history":[{"count":1,"href":"https:\/\/buergerforum-mengen.de\/blog\/wordpress\/wp-json\/wp\/v2\/posts\/4552\/revisions"}],"predecessor-version":[{"id":4554,"href":"https:\/\/buergerforum-mengen.de\/blog\/wordpress\/wp-json\/wp\/v2\/posts\/4552\/revisions\/4554"}],"wp:attachment":[{"href":"https:\/\/buergerforum-mengen.de\/blog\/wordpress\/wp-json\/wp\/v2\/media?parent=4552"}],"wp:term":[{"taxonomy":"category","embeddable":true,"href":"https:\/\/buergerforum-mengen.de\/blog\/wordpress\/wp-json\/wp\/v2\/categories?post=4552"},{"taxonomy":"post_tag","embeddable":true,"href":"https:\/\/buergerforum-mengen.de\/blog\/wordpress\/wp-json\/wp\/v2\/tags?post=4552"}],"curies":[{"name":"wp","href":"https:\/\/api.w.org\/{rel}","templated":true}]}}