{"id":4044,"date":"2025-06-18T19:58:29","date_gmt":"2025-06-18T17:58:29","guid":{"rendered":"https:\/\/buergerforum-mengen.de\/blog\/wordpress\/?p=4044"},"modified":"2025-06-18T19:58:29","modified_gmt":"2025-06-18T17:58:29","slug":"verschenke-tag-2","status":"publish","type":"post","link":"https:\/\/buergerforum-mengen.de\/blog\/wordpress\/2025\/06\/verschenke-tag-2\/","title":{"rendered":"Verschenke-Tag"},"content":{"rendered":"<p><a href=\"https:\/\/buergerforum-mengen.de\/blog\/wordpress\/wp-content\/uploads\/2025\/06\/PLAKAT_2025_Verschenke-Tag.jpg\"><img loading=\"lazy\" decoding=\"async\" class=\"alignnone size-large wp-image-4045\" src=\"https:\/\/buergerforum-mengen.de\/blog\/wordpress\/wp-content\/uploads\/2025\/06\/PLAKAT_2025_Verschenke-Tag-724x1024.jpg\" alt=\"\" width=\"640\" height=\"905\" srcset=\"https:\/\/buergerforum-mengen.de\/blog\/wordpress\/wp-content\/uploads\/2025\/06\/PLAKAT_2025_Verschenke-Tag-724x1024.jpg 724w, https:\/\/buergerforum-mengen.de\/blog\/wordpress\/wp-content\/uploads\/2025\/06\/PLAKAT_2025_Verschenke-Tag-212x300.jpg 212w, https:\/\/buergerforum-mengen.de\/blog\/wordpress\/wp-content\/uploads\/2025\/06\/PLAKAT_2025_Verschenke-Tag-768x1086.jpg 768w, https:\/\/buergerforum-mengen.de\/blog\/wordpress\/wp-content\/uploads\/2025\/06\/PLAKAT_2025_Verschenke-Tag-1086x1536.jpg 1086w, https:\/\/buergerforum-mengen.de\/blog\/wordpress\/wp-content\/uploads\/2025\/06\/PLAKAT_2025_Verschenke-Tag-141x200.jpg 141w, https:\/\/buergerforum-mengen.de\/blog\/wordpress\/wp-content\/uploads\/2025\/06\/PLAKAT_2025_Verschenke-Tag-339x480.jpg 339w, https:\/\/buergerforum-mengen.de\/blog\/wordpress\/wp-content\/uploads\/2025\/06\/PLAKAT_2025_Verschenke-Tag.jpg 1240w\" sizes=\"auto, (max-width: 640px) 100vw, 640px\" \/><\/a><\/p>\n<p>WICHTIG, bitte beachten:<\/p>\n<p>* Die Gegenst\u00e4nde, die verschenkt werden, d\u00fcrfen NICHT im \u00f6ffentlichen Verkehrsraum(Gehweg, Stra\u00dfe) abgestellt werden, sondern nur auf privaten Grundst\u00fccken.<\/p>\n<p>* Der Fu\u00df-, Rad- und Autoverkehr darf nicht behindert werden.<\/p>\n<p>* Die Gegenst\u00e4nde d\u00fcrfen NUR am 12.7. (bzw. 19.7.) von 10 &#8211; 18 Uhr drau\u00dfen positioniert werden und sollten mit einem \u201eZu verschenken\u201c-Schild gekennzeichnet werden<\/p>\n<p>* Alles, was bis abends 18 Uhr nicht abgeholt wurde, muss noch am gleichen Tag vom Eigent\u00fcmer der Gegenst\u00e4nde wieder wegger\u00e4umt oder selbst entsorgt werden.<\/p>\n<p>* Wer geschenkte Dinge mitnehmen m\u00f6chte: Die Verschenke-Gegenst\u00e4nde bitte nicht durchw\u00fchlen, alles ordentlich zur\u00fccklassen.<\/p>\n<p>* Bitte lasst das Auto an diesem Tag zuhause! Auf einem Spaziergang oder mit dem Rad k\u00f6nnt Ihr viel besser sichten, welche \u201eSch\u00e4tze\u201c zu verschenken sind!<\/p>\n<p>Wenn sich alle an diese Regeln halten, haben wir alle einen sch\u00f6nen Verschenke-Tag!!<\/p>\n<p>Au\u00dferdem engagieren wir uns gemeinsam f\u00fcr die M\u00fcllvermeidung, den Klimaschutz und ein gutes, nachbarschaftliches Miteinander.<\/p>\n<p>&nbsp;<\/p>\n","protected":false},"excerpt":{"rendered":"<p>WICHTIG, bitte beachten: * Die Gegenst\u00e4nde, die verschenkt werden, d\u00fcrfen NICHT im \u00f6ffentlichen Verkehrsraum(Gehweg, Stra\u00dfe) abgestellt werden, sondern nur auf privaten Grundst\u00fccken. * Der Fu\u00df-, Rad- und Autoverkehr darf nicht behindert werden. * Die Gegenst\u00e4nde d\u00fcrfen NUR am 12.7. (bzw. &hellip; <a href=\"https:\/\/buergerforum-mengen.de\/blog\/wordpress\/2025\/06\/verschenke-tag-2\/\">Weiterlesen <span class=\"meta-nav\">&rarr;<\/span><\/a><\/p>\n","protected":false},"author":3,"featured_media":0,"comment_status":"closed","ping_status":"closed","sticky":false,"template":"","format":"standard","meta":{"_bbp_topic_count":0,"_bbp_reply_count":0,"_bbp_total_topic_count":0,"_bbp_total_reply_count":0,"_bbp_voice_count":0,"_bbp_anonymous_reply_count":0,"_bbp_topic_count_hidden":0,"_bbp_reply_count_hidden":0,"_bbp_forum_subforum_count":0,"footnotes":""},"categories":[1],"tags":[],"class_list":["post-4044","post","type-post","status-publish","format-standard","hentry","category-allgemein"],"_links":{"self":[{"href":"https:\/\/buergerforum-mengen.de\/blog\/wordpress\/wp-json\/wp\/v2\/posts\/4044","targetHints":{"allow":["GET"]}}],"collection":[{"href":"https:\/\/buergerforum-mengen.de\/blog\/wordpress\/wp-json\/wp\/v2\/posts"}],"about":[{"href":"https:\/\/buergerforum-mengen.de\/blog\/wordpress\/wp-json\/wp\/v2\/types\/post"}],"author":[{"embeddable":true,"href":"https:\/\/buergerforum-mengen.de\/blog\/wordpress\/wp-json\/wp\/v2\/users\/3"}],"replies":[{"embeddable":true,"href":"https:\/\/buergerforum-mengen.de\/blog\/wordpress\/wp-json\/wp\/v2\/comments?post=4044"}],"version-history":[{"count":1,"href":"https:\/\/buergerforum-mengen.de\/blog\/wordpress\/wp-json\/wp\/v2\/posts\/4044\/revisions"}],"predecessor-version":[{"id":4046,"href":"https:\/\/buergerforum-mengen.de\/blog\/wordpress\/wp-json\/wp\/v2\/posts\/4044\/revisions\/4046"}],"wp:attachment":[{"href":"https:\/\/buergerforum-mengen.de\/blog\/wordpress\/wp-json\/wp\/v2\/media?parent=4044"}],"wp:term":[{"taxonomy":"category","embeddable":true,"href":"https:\/\/buergerforum-mengen.de\/blog\/wordpress\/wp-json\/wp\/v2\/categories?post=4044"},{"taxonomy":"post_tag","embeddable":true,"href":"https:\/\/buergerforum-mengen.de\/blog\/wordpress\/wp-json\/wp\/v2\/tags?post=4044"}],"curies":[{"name":"wp","href":"https:\/\/api.w.org\/{rel}","templated":true}]}}