{"id":3994,"date":"2025-05-08T19:43:48","date_gmt":"2025-05-08T17:43:48","guid":{"rendered":"https:\/\/buergerforum-mengen.de\/blog\/wordpress\/?p=3994"},"modified":"2025-05-08T19:43:48","modified_gmt":"2025-05-08T17:43:48","slug":"wanderbar-wer-moechte-in-diesem-sommer-gastgeber-sein-6","status":"publish","type":"post","link":"https:\/\/buergerforum-mengen.de\/blog\/wordpress\/2025\/05\/wanderbar-wer-moechte-in-diesem-sommer-gastgeber-sein-6\/","title":{"rendered":"WANDERBAR: Wer m\u00f6chte in diesem Sommer Gastgeber sein?"},"content":{"rendered":"<p>In den beiden letzten Jahren hatten wir die Idee, unseren monatlichen B\u00fcrgertreff w\u00e4hrend der Sommermonate mitten ins Dorf zu holen: Mit der rollenden Theke, der sogenannten \u201eWANDERBAR\u201c. Wer Lust hatte, konnte dabei an einem Abend Gastgeber sein und die Nachbarn und Mitb\u00fcrger bei sich bewirten. Der Ausschank erfolgte dabei gegen Spende der Besucher. Diese Idee kam sehr gut an, die WANDERBAR war stets bestens besucht.<\/p>\n<p>Die beiden letztj\u00e4hrigen Gastgeber, Stefan Gugel sowie die Zahnarztpraxis Bauer und Peil sind auch dieses Jahr wieder mit dabei und werden am 10. Juli und am 14. August wieder zu sich einladen &#8211; n\u00e4here Infos gibt es dann jeweils zeitnah. F\u00fcr den Termin am 12. Juni suchen wir noch jemanden, der Lust h\u00e4tte, die WANDERBAR bei sich zuhause \/ in seinem Hof \/ Garten aufzustellen. Die WANDERBAR startet jeweils um 19 Uhr und ist auf eine Dauer von 2 &#8211; 3 Stunden ausgelegt.<\/p>\n<p>Wer Interesse hat, bitte gerne melden bei Petra K\u00f6rber, Tel. 0176 41224317 oder per Mail an vorstand@buergerforum-mengen.de<\/p>\n<p><a href=\"https:\/\/buergerforum-mengen.de\/blog\/wordpress\/wp-content\/uploads\/2025\/04\/2025_WANDERBAR_Gastgeber-gesucht.jpg\"><img loading=\"lazy\" decoding=\"async\" class=\"alignnone size-large wp-image-3985\" src=\"https:\/\/buergerforum-mengen.de\/blog\/wordpress\/wp-content\/uploads\/2025\/04\/2025_WANDERBAR_Gastgeber-gesucht-724x1024.jpg\" alt=\"\" width=\"640\" height=\"905\" srcset=\"https:\/\/buergerforum-mengen.de\/blog\/wordpress\/wp-content\/uploads\/2025\/04\/2025_WANDERBAR_Gastgeber-gesucht-724x1024.jpg 724w, https:\/\/buergerforum-mengen.de\/blog\/wordpress\/wp-content\/uploads\/2025\/04\/2025_WANDERBAR_Gastgeber-gesucht-212x300.jpg 212w, https:\/\/buergerforum-mengen.de\/blog\/wordpress\/wp-content\/uploads\/2025\/04\/2025_WANDERBAR_Gastgeber-gesucht-768x1086.jpg 768w, https:\/\/buergerforum-mengen.de\/blog\/wordpress\/wp-content\/uploads\/2025\/04\/2025_WANDERBAR_Gastgeber-gesucht-1086x1536.jpg 1086w, https:\/\/buergerforum-mengen.de\/blog\/wordpress\/wp-content\/uploads\/2025\/04\/2025_WANDERBAR_Gastgeber-gesucht-141x200.jpg 141w, https:\/\/buergerforum-mengen.de\/blog\/wordpress\/wp-content\/uploads\/2025\/04\/2025_WANDERBAR_Gastgeber-gesucht-339x480.jpg 339w, https:\/\/buergerforum-mengen.de\/blog\/wordpress\/wp-content\/uploads\/2025\/04\/2025_WANDERBAR_Gastgeber-gesucht.jpg 1240w\" sizes=\"auto, (max-width: 640px) 100vw, 640px\" \/><\/a><\/p>\n","protected":false},"excerpt":{"rendered":"<p>In den beiden letzten Jahren hatten wir die Idee, unseren monatlichen B\u00fcrgertreff w\u00e4hrend der Sommermonate mitten ins Dorf zu holen: Mit der rollenden Theke, der sogenannten \u201eWANDERBAR\u201c. Wer Lust hatte, konnte dabei an einem Abend Gastgeber sein und die Nachbarn &hellip; <a href=\"https:\/\/buergerforum-mengen.de\/blog\/wordpress\/2025\/05\/wanderbar-wer-moechte-in-diesem-sommer-gastgeber-sein-6\/\">Weiterlesen <span class=\"meta-nav\">&rarr;<\/span><\/a><\/p>\n","protected":false},"author":3,"featured_media":0,"comment_status":"closed","ping_status":"closed","sticky":false,"template":"","format":"standard","meta":{"_bbp_topic_count":0,"_bbp_reply_count":0,"_bbp_total_topic_count":0,"_bbp_total_reply_count":0,"_bbp_voice_count":0,"_bbp_anonymous_reply_count":0,"_bbp_topic_count_hidden":0,"_bbp_reply_count_hidden":0,"_bbp_forum_subforum_count":0,"footnotes":""},"categories":[1],"tags":[],"class_list":["post-3994","post","type-post","status-publish","format-standard","hentry","category-allgemein"],"_links":{"self":[{"href":"https:\/\/buergerforum-mengen.de\/blog\/wordpress\/wp-json\/wp\/v2\/posts\/3994","targetHints":{"allow":["GET"]}}],"collection":[{"href":"https:\/\/buergerforum-mengen.de\/blog\/wordpress\/wp-json\/wp\/v2\/posts"}],"about":[{"href":"https:\/\/buergerforum-mengen.de\/blog\/wordpress\/wp-json\/wp\/v2\/types\/post"}],"author":[{"embeddable":true,"href":"https:\/\/buergerforum-mengen.de\/blog\/wordpress\/wp-json\/wp\/v2\/users\/3"}],"replies":[{"embeddable":true,"href":"https:\/\/buergerforum-mengen.de\/blog\/wordpress\/wp-json\/wp\/v2\/comments?post=3994"}],"version-history":[{"count":1,"href":"https:\/\/buergerforum-mengen.de\/blog\/wordpress\/wp-json\/wp\/v2\/posts\/3994\/revisions"}],"predecessor-version":[{"id":3995,"href":"https:\/\/buergerforum-mengen.de\/blog\/wordpress\/wp-json\/wp\/v2\/posts\/3994\/revisions\/3995"}],"wp:attachment":[{"href":"https:\/\/buergerforum-mengen.de\/blog\/wordpress\/wp-json\/wp\/v2\/media?parent=3994"}],"wp:term":[{"taxonomy":"category","embeddable":true,"href":"https:\/\/buergerforum-mengen.de\/blog\/wordpress\/wp-json\/wp\/v2\/categories?post=3994"},{"taxonomy":"post_tag","embeddable":true,"href":"https:\/\/buergerforum-mengen.de\/blog\/wordpress\/wp-json\/wp\/v2\/tags?post=3994"}],"curies":[{"name":"wp","href":"https:\/\/api.w.org\/{rel}","templated":true}]}}