{"id":3953,"date":"2025-04-01T19:56:30","date_gmt":"2025-04-01T17:56:30","guid":{"rendered":"https:\/\/buergerforum-mengen.de\/blog\/wordpress\/?p=3953"},"modified":"2025-04-01T19:56:30","modified_gmt":"2025-04-01T17:56:30","slug":"rueckblick-jugend-abend","status":"publish","type":"post","link":"https:\/\/buergerforum-mengen.de\/blog\/wordpress\/2025\/04\/rueckblick-jugend-abend\/","title":{"rendered":"R\u00dcCKBLICK: JUGEND-Abend"},"content":{"rendered":"<p>Am Freitag, den 21.03., fand in der Kulturscheune ein Abend von der JUGEND f\u00fcr die JUGEND statt. Die Scheune war bis auf den letzten Platz besetzt! Danke an das Eventplanungs-Team f\u00fcr die tolle Organisation und den KVM f\u00fcr die Unterkunft<\/p>\n<p><a href=\"https:\/\/buergerforum-mengen.de\/blog\/wordpress\/wp-content\/uploads\/2025\/04\/2025_Jugendevent_KVM.jpg\"><img loading=\"lazy\" decoding=\"async\" class=\"alignnone size-large wp-image-3955\" src=\"https:\/\/buergerforum-mengen.de\/blog\/wordpress\/wp-content\/uploads\/2025\/04\/2025_Jugendevent_KVM-1024x576.jpg\" alt=\"\" width=\"640\" height=\"360\" srcset=\"https:\/\/buergerforum-mengen.de\/blog\/wordpress\/wp-content\/uploads\/2025\/04\/2025_Jugendevent_KVM-1024x576.jpg 1024w, https:\/\/buergerforum-mengen.de\/blog\/wordpress\/wp-content\/uploads\/2025\/04\/2025_Jugendevent_KVM-300x169.jpg 300w, https:\/\/buergerforum-mengen.de\/blog\/wordpress\/wp-content\/uploads\/2025\/04\/2025_Jugendevent_KVM-768x432.jpg 768w, https:\/\/buergerforum-mengen.de\/blog\/wordpress\/wp-content\/uploads\/2025\/04\/2025_Jugendevent_KVM-1536x864.jpg 1536w, https:\/\/buergerforum-mengen.de\/blog\/wordpress\/wp-content\/uploads\/2025\/04\/2025_Jugendevent_KVM-200x113.jpg 200w, https:\/\/buergerforum-mengen.de\/blog\/wordpress\/wp-content\/uploads\/2025\/04\/2025_Jugendevent_KVM-640x360.jpg 640w, https:\/\/buergerforum-mengen.de\/blog\/wordpress\/wp-content\/uploads\/2025\/04\/2025_Jugendevent_KVM.jpg 1600w\" sizes=\"auto, (max-width: 640px) 100vw, 640px\" \/><\/a><\/p>\n","protected":false},"excerpt":{"rendered":"<p>Am Freitag, den 21.03., fand in der Kulturscheune ein Abend von der JUGEND f\u00fcr die JUGEND statt. Die Scheune war bis auf den letzten Platz besetzt! Danke an das Eventplanungs-Team f\u00fcr die tolle Organisation und den KVM f\u00fcr die Unterkunft<\/p>\n","protected":false},"author":3,"featured_media":0,"comment_status":"closed","ping_status":"closed","sticky":false,"template":"","format":"standard","meta":{"_bbp_topic_count":0,"_bbp_reply_count":0,"_bbp_total_topic_count":0,"_bbp_total_reply_count":0,"_bbp_voice_count":0,"_bbp_anonymous_reply_count":0,"_bbp_topic_count_hidden":0,"_bbp_reply_count_hidden":0,"_bbp_forum_subforum_count":0,"footnotes":""},"categories":[1],"tags":[],"class_list":["post-3953","post","type-post","status-publish","format-standard","hentry","category-allgemein"],"_links":{"self":[{"href":"https:\/\/buergerforum-mengen.de\/blog\/wordpress\/wp-json\/wp\/v2\/posts\/3953","targetHints":{"allow":["GET"]}}],"collection":[{"href":"https:\/\/buergerforum-mengen.de\/blog\/wordpress\/wp-json\/wp\/v2\/posts"}],"about":[{"href":"https:\/\/buergerforum-mengen.de\/blog\/wordpress\/wp-json\/wp\/v2\/types\/post"}],"author":[{"embeddable":true,"href":"https:\/\/buergerforum-mengen.de\/blog\/wordpress\/wp-json\/wp\/v2\/users\/3"}],"replies":[{"embeddable":true,"href":"https:\/\/buergerforum-mengen.de\/blog\/wordpress\/wp-json\/wp\/v2\/comments?post=3953"}],"version-history":[{"count":1,"href":"https:\/\/buergerforum-mengen.de\/blog\/wordpress\/wp-json\/wp\/v2\/posts\/3953\/revisions"}],"predecessor-version":[{"id":3958,"href":"https:\/\/buergerforum-mengen.de\/blog\/wordpress\/wp-json\/wp\/v2\/posts\/3953\/revisions\/3958"}],"wp:attachment":[{"href":"https:\/\/buergerforum-mengen.de\/blog\/wordpress\/wp-json\/wp\/v2\/media?parent=3953"}],"wp:term":[{"taxonomy":"category","embeddable":true,"href":"https:\/\/buergerforum-mengen.de\/blog\/wordpress\/wp-json\/wp\/v2\/categories?post=3953"},{"taxonomy":"post_tag","embeddable":true,"href":"https:\/\/buergerforum-mengen.de\/blog\/wordpress\/wp-json\/wp\/v2\/tags?post=3953"}],"curies":[{"name":"wp","href":"https:\/\/api.w.org\/{rel}","templated":true}]}}