{"id":3930,"date":"2025-03-17T17:03:30","date_gmt":"2025-03-17T16:03:30","guid":{"rendered":"https:\/\/buergerforum-mengen.de\/blog\/wordpress\/?p=3930"},"modified":"2025-03-17T17:03:30","modified_gmt":"2025-03-17T16:03:30","slug":"rueckblick-generalversammlung-des-buergerforums-am-12-3-2025","status":"publish","type":"post","link":"https:\/\/buergerforum-mengen.de\/blog\/wordpress\/2025\/03\/rueckblick-generalversammlung-des-buergerforums-am-12-3-2025\/","title":{"rendered":"R\u00dcCKBLICK: Generalversammlung des B\u00fcrgerforums am 12.3.2025"},"content":{"rendered":"<p>Die Generalversammlung startete mit einem Glas Sekt f\u00fcr alle Teilnehmer: Das B\u00fcrgerforum wurde vor 10 Jahren gegr\u00fcndet und hat in dieser Zeit bereits viel bewegt. Das wurde mit einem Gl\u00e4schen Sekt gefeiert.<\/p>\n<p>Die Berichte aus der Vorstandschaft, der R\u00fcckblick und Ausblick auf die Termine sowie der Kassenbericht wurden mit gro\u00dfem Interesse aufgenommen. Die Vorstandschaft wurde dann von der Versammlung einstimmig entlastet. Turnusm\u00e4\u00dfig stand die Wahl zum 2. Vorsitzenden und zum Kassierer an. Georg von Lier wurde als 2. Vorsitzender und Angelika B\u00f6hler als Kassiererin einstimmig wiedergew\u00e4hlt. Auch die Kassenpr\u00fcferinnen Gabi Lai und B\u00e4rbel Stackebrandt wurden einstimmig wiedergew\u00e4hlt. Die Beisitzer als Sprecher der Arbeitsgruppen wurden in ihrem Amt best\u00e4tigt. Die Sprecher der Arbeitsgruppen berichteten noch von ihren aktuellen Projekten. Vor allem die Berichte \u00fcber das abgelaufene Jugendjahr mit den zahlreichen Aktivit\u00e4ten wurde mit gro\u00dfem Applaus aufgenommen.<\/p>\n<p>Abschlie\u00dfend sprach Hajo Frings der Vorstandschaft, die nun schon seit 10 Jahren konstant den Verein f\u00fchrt, ein gro\u00dfes Dankesch\u00f6n aus. Das komplette Protokoll zu unserer Generalversammlung wird in K\u00fcrze auf unserer Homepage ver\u00f6ffentlicht.<\/p>\n","protected":false},"excerpt":{"rendered":"<p>Die Generalversammlung startete mit einem Glas Sekt f\u00fcr alle Teilnehmer: Das B\u00fcrgerforum wurde vor 10 Jahren gegr\u00fcndet und hat in dieser Zeit bereits viel bewegt. Das wurde mit einem Gl\u00e4schen Sekt gefeiert. Die Berichte aus der Vorstandschaft, der R\u00fcckblick und &hellip; <a href=\"https:\/\/buergerforum-mengen.de\/blog\/wordpress\/2025\/03\/rueckblick-generalversammlung-des-buergerforums-am-12-3-2025\/\">Weiterlesen <span class=\"meta-nav\">&rarr;<\/span><\/a><\/p>\n","protected":false},"author":3,"featured_media":0,"comment_status":"closed","ping_status":"closed","sticky":false,"template":"","format":"standard","meta":{"_bbp_topic_count":0,"_bbp_reply_count":0,"_bbp_total_topic_count":0,"_bbp_total_reply_count":0,"_bbp_voice_count":0,"_bbp_anonymous_reply_count":0,"_bbp_topic_count_hidden":0,"_bbp_reply_count_hidden":0,"_bbp_forum_subforum_count":0,"footnotes":""},"categories":[1],"tags":[],"class_list":["post-3930","post","type-post","status-publish","format-standard","hentry","category-allgemein"],"_links":{"self":[{"href":"https:\/\/buergerforum-mengen.de\/blog\/wordpress\/wp-json\/wp\/v2\/posts\/3930","targetHints":{"allow":["GET"]}}],"collection":[{"href":"https:\/\/buergerforum-mengen.de\/blog\/wordpress\/wp-json\/wp\/v2\/posts"}],"about":[{"href":"https:\/\/buergerforum-mengen.de\/blog\/wordpress\/wp-json\/wp\/v2\/types\/post"}],"author":[{"embeddable":true,"href":"https:\/\/buergerforum-mengen.de\/blog\/wordpress\/wp-json\/wp\/v2\/users\/3"}],"replies":[{"embeddable":true,"href":"https:\/\/buergerforum-mengen.de\/blog\/wordpress\/wp-json\/wp\/v2\/comments?post=3930"}],"version-history":[{"count":1,"href":"https:\/\/buergerforum-mengen.de\/blog\/wordpress\/wp-json\/wp\/v2\/posts\/3930\/revisions"}],"predecessor-version":[{"id":3931,"href":"https:\/\/buergerforum-mengen.de\/blog\/wordpress\/wp-json\/wp\/v2\/posts\/3930\/revisions\/3931"}],"wp:attachment":[{"href":"https:\/\/buergerforum-mengen.de\/blog\/wordpress\/wp-json\/wp\/v2\/media?parent=3930"}],"wp:term":[{"taxonomy":"category","embeddable":true,"href":"https:\/\/buergerforum-mengen.de\/blog\/wordpress\/wp-json\/wp\/v2\/categories?post=3930"},{"taxonomy":"post_tag","embeddable":true,"href":"https:\/\/buergerforum-mengen.de\/blog\/wordpress\/wp-json\/wp\/v2\/tags?post=3930"}],"curies":[{"name":"wp","href":"https:\/\/api.w.org\/{rel}","templated":true}]}}