{"id":3439,"date":"2024-05-09T17:42:14","date_gmt":"2024-05-09T15:42:14","guid":{"rendered":"https:\/\/buergerforum-mengen.de\/blog\/wordpress\/?p=3439"},"modified":"2024-05-09T17:42:14","modified_gmt":"2024-05-09T15:42:14","slug":"vorstellung-der-kandidaten-zur-gemeinderatswahl","status":"publish","type":"post","link":"https:\/\/buergerforum-mengen.de\/blog\/wordpress\/2024\/05\/vorstellung-der-kandidaten-zur-gemeinderatswahl\/","title":{"rendered":"Vorstellung der Kandidaten zur Gemeinderatswahl."},"content":{"rendered":"<p><strong>\u00a0<\/strong><strong>Mittwoch, 15.5.2024, 19.30 Uhr, im Alemannensaal: <\/strong><\/p>\n<p>Informieren Sie sich aus erster Hand \u00fcber alle Kandidaten und stellen Sie Fragen!<\/p>\n<p>Die Kommunalwahl ist sicherlich eine der direktesten Formen unserer Demokratie: Durch Ihre Wahl bestimmen Sie mit, was bei uns vor Ort geschieht. Wie bereits im Jahr 2019, vor der letzten Kommunalwahl, haben wir alle Fraktionen zur Kandidatenvorstellung nach Mengen eingeladen. Zum Ablauf haben wir geplant, dass jede Fraktion sich und ihre Ziele innerhalb 5 Minuten pr\u00e4sentiert und dann jeder Kandidat nochmals 1 &#8211; 1,5 Minuten Zeit f\u00fcr eine pers\u00f6nliche Vorstellung hat. Im Anschluss gibt es Gelegenheit zu einem Austausch zwischen dem Publikum und den Kandidaten. Lernen Sie an diesem Abend die Fraktionen und Kandidaten kompakt und direkt kennen, damit Sie eine gute Grundlage f\u00fcr Ihre Wahlentscheidung haben!<\/p>\n<p><a href=\"https:\/\/buergerforum-mengen.de\/blog\/wordpress\/wp-content\/uploads\/2024\/05\/Kandidatenvorstellung-Mengen-2024.jpg\"><img loading=\"lazy\" decoding=\"async\" class=\"alignnone size-large wp-image-3433\" src=\"https:\/\/buergerforum-mengen.de\/blog\/wordpress\/wp-content\/uploads\/2024\/05\/Kandidatenvorstellung-Mengen-2024-724x1024.jpg\" alt=\"\" width=\"640\" height=\"905\" srcset=\"https:\/\/buergerforum-mengen.de\/blog\/wordpress\/wp-content\/uploads\/2024\/05\/Kandidatenvorstellung-Mengen-2024-724x1024.jpg 724w, https:\/\/buergerforum-mengen.de\/blog\/wordpress\/wp-content\/uploads\/2024\/05\/Kandidatenvorstellung-Mengen-2024-212x300.jpg 212w, https:\/\/buergerforum-mengen.de\/blog\/wordpress\/wp-content\/uploads\/2024\/05\/Kandidatenvorstellung-Mengen-2024-768x1086.jpg 768w, https:\/\/buergerforum-mengen.de\/blog\/wordpress\/wp-content\/uploads\/2024\/05\/Kandidatenvorstellung-Mengen-2024-1086x1536.jpg 1086w, https:\/\/buergerforum-mengen.de\/blog\/wordpress\/wp-content\/uploads\/2024\/05\/Kandidatenvorstellung-Mengen-2024-141x200.jpg 141w, https:\/\/buergerforum-mengen.de\/blog\/wordpress\/wp-content\/uploads\/2024\/05\/Kandidatenvorstellung-Mengen-2024-339x480.jpg 339w, https:\/\/buergerforum-mengen.de\/blog\/wordpress\/wp-content\/uploads\/2024\/05\/Kandidatenvorstellung-Mengen-2024.jpg 1241w\" sizes=\"auto, (max-width: 640px) 100vw, 640px\" \/><\/a><\/p>\n","protected":false},"excerpt":{"rendered":"<p>\u00a0Mittwoch, 15.5.2024, 19.30 Uhr, im Alemannensaal: Informieren Sie sich aus erster Hand \u00fcber alle Kandidaten und stellen Sie Fragen! Die Kommunalwahl ist sicherlich eine der direktesten Formen unserer Demokratie: Durch Ihre Wahl bestimmen Sie mit, was bei uns vor Ort &hellip; <a href=\"https:\/\/buergerforum-mengen.de\/blog\/wordpress\/2024\/05\/vorstellung-der-kandidaten-zur-gemeinderatswahl\/\">Weiterlesen <span class=\"meta-nav\">&rarr;<\/span><\/a><\/p>\n","protected":false},"author":3,"featured_media":0,"comment_status":"closed","ping_status":"closed","sticky":false,"template":"","format":"standard","meta":{"_bbp_topic_count":0,"_bbp_reply_count":0,"_bbp_total_topic_count":0,"_bbp_total_reply_count":0,"_bbp_voice_count":0,"_bbp_anonymous_reply_count":0,"_bbp_topic_count_hidden":0,"_bbp_reply_count_hidden":0,"_bbp_forum_subforum_count":0,"footnotes":""},"categories":[1],"tags":[],"class_list":["post-3439","post","type-post","status-publish","format-standard","hentry","category-allgemein"],"_links":{"self":[{"href":"https:\/\/buergerforum-mengen.de\/blog\/wordpress\/wp-json\/wp\/v2\/posts\/3439","targetHints":{"allow":["GET"]}}],"collection":[{"href":"https:\/\/buergerforum-mengen.de\/blog\/wordpress\/wp-json\/wp\/v2\/posts"}],"about":[{"href":"https:\/\/buergerforum-mengen.de\/blog\/wordpress\/wp-json\/wp\/v2\/types\/post"}],"author":[{"embeddable":true,"href":"https:\/\/buergerforum-mengen.de\/blog\/wordpress\/wp-json\/wp\/v2\/users\/3"}],"replies":[{"embeddable":true,"href":"https:\/\/buergerforum-mengen.de\/blog\/wordpress\/wp-json\/wp\/v2\/comments?post=3439"}],"version-history":[{"count":1,"href":"https:\/\/buergerforum-mengen.de\/blog\/wordpress\/wp-json\/wp\/v2\/posts\/3439\/revisions"}],"predecessor-version":[{"id":3440,"href":"https:\/\/buergerforum-mengen.de\/blog\/wordpress\/wp-json\/wp\/v2\/posts\/3439\/revisions\/3440"}],"wp:attachment":[{"href":"https:\/\/buergerforum-mengen.de\/blog\/wordpress\/wp-json\/wp\/v2\/media?parent=3439"}],"wp:term":[{"taxonomy":"category","embeddable":true,"href":"https:\/\/buergerforum-mengen.de\/blog\/wordpress\/wp-json\/wp\/v2\/categories?post=3439"},{"taxonomy":"post_tag","embeddable":true,"href":"https:\/\/buergerforum-mengen.de\/blog\/wordpress\/wp-json\/wp\/v2\/tags?post=3439"}],"curies":[{"name":"wp","href":"https:\/\/api.w.org\/{rel}","templated":true}]}}