{"id":3270,"date":"2024-01-18T20:13:42","date_gmt":"2024-01-18T19:13:42","guid":{"rendered":"https:\/\/buergerforum-mengen.de\/blog\/wordpress\/?p=3270"},"modified":"2024-01-18T20:13:42","modified_gmt":"2024-01-18T19:13:42","slug":"jugendhearing-am-11-januar","status":"publish","type":"post","link":"https:\/\/buergerforum-mengen.de\/blog\/wordpress\/2024\/01\/jugendhearing-am-11-januar\/","title":{"rendered":"Jugendhearing am 11. Januar"},"content":{"rendered":"<p><strong>Toller Start ins Jugendjahr 2024:\u00a0<\/strong><\/p>\n<p>Mit dem Jugendhearing am 11.01.24 hat das Jugendjahr Mengen erfolgreich begonnen.<\/p>\n<p>62 Jugendliche nahmen an vier Thementischen aktiv teil, \u00e4u\u00dferten ihre Meinungen und brachten konkrete Gestaltungsideen f\u00fcr das Jugendjahr ein. Das Organisationsteam war begeistert \u00fcber die engagierte Beteiligung. Wraps und Getr\u00e4nke wurden gereicht und am Ende gab es eine Verlosung. Die Atmosph\u00e4re zeugte von sp\u00fcrbarem Gemeinschaftsgeist und einem starken Antrieb f\u00fcr Ver\u00e4nderungen. Die Jugendlichen entwickelten erste Ideen, insbesondere der Wunsch nach einem multifunktionalen Raum mit Chill- und Aktivbereichen, Outdoor-Anlagen und Einkaufsm\u00f6glichkeiten wurde deutlich. Auch die Idee, mit Unterst\u00fctzung von Sponsoren, Crowdfunding, Organisationen und Multiplikatoren Ziele verwirklichen zu k\u00f6nnen, kam von den Jugendlichen.<\/p>\n<p>Das Jugendhearing wurde geleitet von Constanze Dunst vom Landratsamt und unterst\u00fctzt durch B\u00fcrgermeister Kiss, Herrn Lang aus der Gemeindeverwaltung, den Gemeinder\u00e4ten Brigitte Kant, Hajo Frings und Marlene Kr\u00fcger, den engagierten Eltern Silke Masullo und Katja Hug sowie Michael M\u00fcller und Kai Hoffmann vom B\u00fcrgerforum Mengen. Ein herzliches Dankesch\u00f6n gilt dem Koordinationsteam, insbesondere Melvin, Leonie, Mathis, Nicki, Lucy, Anna und Jakob f\u00fcr ihre engagierte Mitwirkung bei der Organisation und Durchf\u00fchrung dieses Events.<\/p>\n<p><a href=\"https:\/\/buergerforum-mengen.de\/blog\/wordpress\/wp-content\/uploads\/2024\/01\/Jugendhearing.jpg\"><img loading=\"lazy\" decoding=\"async\" class=\"alignnone size-full wp-image-3271\" src=\"https:\/\/buergerforum-mengen.de\/blog\/wordpress\/wp-content\/uploads\/2024\/01\/Jugendhearing.jpg\" alt=\"\" width=\"640\" height=\"480\" \/><\/a><\/p>\n","protected":false},"excerpt":{"rendered":"<p>Toller Start ins Jugendjahr 2024:\u00a0 Mit dem Jugendhearing am 11.01.24 hat das Jugendjahr Mengen erfolgreich begonnen. 62 Jugendliche nahmen an vier Thementischen aktiv teil, \u00e4u\u00dferten ihre Meinungen und brachten konkrete Gestaltungsideen f\u00fcr das Jugendjahr ein. Das Organisationsteam war begeistert \u00fcber &hellip; <a href=\"https:\/\/buergerforum-mengen.de\/blog\/wordpress\/2024\/01\/jugendhearing-am-11-januar\/\">Weiterlesen <span class=\"meta-nav\">&rarr;<\/span><\/a><\/p>\n","protected":false},"author":3,"featured_media":0,"comment_status":"open","ping_status":"open","sticky":false,"template":"","format":"standard","meta":{"_bbp_topic_count":0,"_bbp_reply_count":0,"_bbp_total_topic_count":0,"_bbp_total_reply_count":0,"_bbp_voice_count":0,"_bbp_anonymous_reply_count":0,"_bbp_topic_count_hidden":0,"_bbp_reply_count_hidden":0,"_bbp_forum_subforum_count":0,"footnotes":""},"categories":[1],"tags":[],"class_list":["post-3270","post","type-post","status-publish","format-standard","hentry","category-allgemein"],"_links":{"self":[{"href":"https:\/\/buergerforum-mengen.de\/blog\/wordpress\/wp-json\/wp\/v2\/posts\/3270","targetHints":{"allow":["GET"]}}],"collection":[{"href":"https:\/\/buergerforum-mengen.de\/blog\/wordpress\/wp-json\/wp\/v2\/posts"}],"about":[{"href":"https:\/\/buergerforum-mengen.de\/blog\/wordpress\/wp-json\/wp\/v2\/types\/post"}],"author":[{"embeddable":true,"href":"https:\/\/buergerforum-mengen.de\/blog\/wordpress\/wp-json\/wp\/v2\/users\/3"}],"replies":[{"embeddable":true,"href":"https:\/\/buergerforum-mengen.de\/blog\/wordpress\/wp-json\/wp\/v2\/comments?post=3270"}],"version-history":[{"count":2,"href":"https:\/\/buergerforum-mengen.de\/blog\/wordpress\/wp-json\/wp\/v2\/posts\/3270\/revisions"}],"predecessor-version":[{"id":3273,"href":"https:\/\/buergerforum-mengen.de\/blog\/wordpress\/wp-json\/wp\/v2\/posts\/3270\/revisions\/3273"}],"wp:attachment":[{"href":"https:\/\/buergerforum-mengen.de\/blog\/wordpress\/wp-json\/wp\/v2\/media?parent=3270"}],"wp:term":[{"taxonomy":"category","embeddable":true,"href":"https:\/\/buergerforum-mengen.de\/blog\/wordpress\/wp-json\/wp\/v2\/categories?post=3270"},{"taxonomy":"post_tag","embeddable":true,"href":"https:\/\/buergerforum-mengen.de\/blog\/wordpress\/wp-json\/wp\/v2\/tags?post=3270"}],"curies":[{"name":"wp","href":"https:\/\/api.w.org\/{rel}","templated":true}]}}