{"id":3210,"date":"2023-11-24T20:06:32","date_gmt":"2023-11-24T19:06:32","guid":{"rendered":"https:\/\/buergerforum-mengen.de\/blog\/wordpress\/?p=3210"},"modified":"2023-11-24T20:06:32","modified_gmt":"2023-11-24T19:06:32","slug":"wir-schmuecken-den-christbaum-3","status":"publish","type":"post","link":"https:\/\/buergerforum-mengen.de\/blog\/wordpress\/2023\/11\/wir-schmuecken-den-christbaum-3\/","title":{"rendered":"Wir schm\u00fccken den Christbaum"},"content":{"rendered":"<p><strong>Freitag, 1.12.2023, 18 Uhr:\u00a0<\/strong><\/p>\n<p>Gemeinsam mit allen Teilnehmern schm\u00fccken wir den Christbaum neben der Martinskirche in Mengen. Wir singen Lieder, lesen eine Geschichte und h\u00e4ngen Weihnachtsdeko in den Baum. Wer m\u00f6chte, kann gerne etwas dazu beisteuern. Im Anschluss gibt es Geb\u00e4ck und Kinderpunsch. Wir laden alle herzlich ein, sich an diesem Abend mit uns auf den Advent und die Vorweihnachtszeit einzustimmen und freuen uns \u00fcber zahlreichen Besuch! <strong>Bitte bringen Sie einen Becher mit.<\/strong><\/p>\n<p><strong>\u00a0<\/strong><strong>Und hier gibt es eine \u00dcbersicht \u00fcber alle Termine in der \u201eLebendigen Adventszeit\u201c:<\/strong><\/p>\n<p><a href=\"https:\/\/buergerforum-mengen.de\/blog\/wordpress\/wp-content\/uploads\/2023\/11\/2023_Uebersicht-Termine_Blaettle.jpg\"><img loading=\"lazy\" decoding=\"async\" class=\"alignnone size-large wp-image-3211\" src=\"https:\/\/buergerforum-mengen.de\/blog\/wordpress\/wp-content\/uploads\/2023\/11\/2023_Uebersicht-Termine_Blaettle-724x1024.jpg\" alt=\"\" width=\"640\" height=\"905\" \/><\/a><\/p>\n","protected":false},"excerpt":{"rendered":"<p>Freitag, 1.12.2023, 18 Uhr:\u00a0 Gemeinsam mit allen Teilnehmern schm\u00fccken wir den Christbaum neben der Martinskirche in Mengen. Wir singen Lieder, lesen eine Geschichte und h\u00e4ngen Weihnachtsdeko in den Baum. Wer m\u00f6chte, kann gerne etwas dazu beisteuern. Im Anschluss gibt es &hellip; <a href=\"https:\/\/buergerforum-mengen.de\/blog\/wordpress\/2023\/11\/wir-schmuecken-den-christbaum-3\/\">Weiterlesen <span class=\"meta-nav\">&rarr;<\/span><\/a><\/p>\n","protected":false},"author":3,"featured_media":0,"comment_status":"open","ping_status":"open","sticky":false,"template":"","format":"standard","meta":{"_bbp_topic_count":0,"_bbp_reply_count":0,"_bbp_total_topic_count":0,"_bbp_total_reply_count":0,"_bbp_voice_count":0,"_bbp_anonymous_reply_count":0,"_bbp_topic_count_hidden":0,"_bbp_reply_count_hidden":0,"_bbp_forum_subforum_count":0,"footnotes":""},"categories":[1],"tags":[],"class_list":["post-3210","post","type-post","status-publish","format-standard","hentry","category-allgemein"],"_links":{"self":[{"href":"https:\/\/buergerforum-mengen.de\/blog\/wordpress\/wp-json\/wp\/v2\/posts\/3210","targetHints":{"allow":["GET"]}}],"collection":[{"href":"https:\/\/buergerforum-mengen.de\/blog\/wordpress\/wp-json\/wp\/v2\/posts"}],"about":[{"href":"https:\/\/buergerforum-mengen.de\/blog\/wordpress\/wp-json\/wp\/v2\/types\/post"}],"author":[{"embeddable":true,"href":"https:\/\/buergerforum-mengen.de\/blog\/wordpress\/wp-json\/wp\/v2\/users\/3"}],"replies":[{"embeddable":true,"href":"https:\/\/buergerforum-mengen.de\/blog\/wordpress\/wp-json\/wp\/v2\/comments?post=3210"}],"version-history":[{"count":1,"href":"https:\/\/buergerforum-mengen.de\/blog\/wordpress\/wp-json\/wp\/v2\/posts\/3210\/revisions"}],"predecessor-version":[{"id":3213,"href":"https:\/\/buergerforum-mengen.de\/blog\/wordpress\/wp-json\/wp\/v2\/posts\/3210\/revisions\/3213"}],"wp:attachment":[{"href":"https:\/\/buergerforum-mengen.de\/blog\/wordpress\/wp-json\/wp\/v2\/media?parent=3210"}],"wp:term":[{"taxonomy":"category","embeddable":true,"href":"https:\/\/buergerforum-mengen.de\/blog\/wordpress\/wp-json\/wp\/v2\/categories?post=3210"},{"taxonomy":"post_tag","embeddable":true,"href":"https:\/\/buergerforum-mengen.de\/blog\/wordpress\/wp-json\/wp\/v2\/tags?post=3210"}],"curies":[{"name":"wp","href":"https:\/\/api.w.org\/{rel}","templated":true}]}}