{"id":3182,"date":"2023-11-10T19:44:56","date_gmt":"2023-11-10T18:44:56","guid":{"rendered":"https:\/\/buergerforum-mengen.de\/blog\/wordpress\/?p=3182"},"modified":"2023-11-10T19:44:56","modified_gmt":"2023-11-10T18:44:56","slug":"advent-advent-in-mengen-2","status":"publish","type":"post","link":"https:\/\/buergerforum-mengen.de\/blog\/wordpress\/2023\/11\/advent-advent-in-mengen-2\/","title":{"rendered":"Advent, Advent\u2026 in Mengen!"},"content":{"rendered":"<p><a href=\"https:\/\/buergerforum-mengen.de\/blog\/wordpress\/wp-content\/uploads\/2023\/10\/Advent-in-Mengen.jpg\"><img loading=\"lazy\" decoding=\"async\" class=\"alignnone size-full wp-image-3151\" src=\"https:\/\/buergerforum-mengen.de\/blog\/wordpress\/wp-content\/uploads\/2023\/10\/Advent-in-Mengen.jpg\" alt=\"\" width=\"572\" height=\"187\" \/><\/a><\/p>\n<p>In Mengen gab es beim \u201elebendigen Advent\u201c immer wieder sch\u00f6ne Begegnungen und interessante Gespr\u00e4chen in angenehmer Atmosph\u00e4re. Diese Tradition wollen wir in diesem Jahr gerne fortf\u00fchren. Verschiedene Vereine, Gruppen, Freundeskreise, Nachbarschaften oder Familien laden zu sich ein. Es wird zusammen gesungen, Geschichten vorgelesen, kleinen Konzerten oder Puppentheater gelauscht &#8211; der Fantasie sind hier keine Grenzen gesetzt.<\/p>\n<p>Danach gibt es meist noch kleine Schleckereien mit Punsch oder Gl\u00fchwein. Das muss aber auch nicht sein, es geht vor allem um die Gemeinschaft und das Miteinander!<\/p>\n<p>Wir m\u00f6chten uns auf die Adventswochenenden \u2013 also Freitag bis Sonntag &#8211; \u201ebeschr\u00e4nken\u201c (auch andere Wochentage sind nat\u00fcrlich m\u00f6glich). Meistens beginnt es um 18 Uhr, dann kommt ca. eine halbe Stunde \u201eKreatives\u201c und danach ist Zeit f\u00fcr Gespr\u00e4che in netter Runde. Alles findet im Freien statt. Einige Termine gibt es schon:<\/p>\n<p>FR, 1.12.: das Schm\u00fccken des Christbaums vor der Kirche<\/p>\n<p>SA, 2.12.: ein Adventskonzert<\/p>\n<p>SO, 3.12.: das Adventscaf\u00e9 der Ev. Kirchengemeinde<\/p>\n<p>SA, 16.12.: die Lichterfahrt der Traktoren<\/p>\n<p>SO, 17.12.: das Adventskonzert des Musikvereins in der Kirche<\/p>\n<p>SA, 23.12.: die Turmbl\u00e4ser<\/p>\n<p>Es sind also noch einige Termine frei. Habt Ihr Lust mitzumachen? Dann meldet euch gerne bei Irmtraud Jenne (Tel. 95128) oder Gudula Engler (Tel. 95599). Da k\u00f6nnen wir das Organisatorische besprechen. Das B\u00fcrgerforum hilft gerne beim Besorgen von Punschtopf, Liedheften, Lautsprecher und Mikrofon, Beleuchtung, Feuerkorb\u2026<\/p>\n","protected":false},"excerpt":{"rendered":"<p>In Mengen gab es beim \u201elebendigen Advent\u201c immer wieder sch\u00f6ne Begegnungen und interessante Gespr\u00e4chen in angenehmer Atmosph\u00e4re. Diese Tradition wollen wir in diesem Jahr gerne fortf\u00fchren. Verschiedene Vereine, Gruppen, Freundeskreise, Nachbarschaften oder Familien laden zu sich ein. Es wird zusammen &hellip; <a href=\"https:\/\/buergerforum-mengen.de\/blog\/wordpress\/2023\/11\/advent-advent-in-mengen-2\/\">Weiterlesen <span class=\"meta-nav\">&rarr;<\/span><\/a><\/p>\n","protected":false},"author":3,"featured_media":0,"comment_status":"open","ping_status":"open","sticky":false,"template":"","format":"standard","meta":{"_bbp_topic_count":0,"_bbp_reply_count":0,"_bbp_total_topic_count":0,"_bbp_total_reply_count":0,"_bbp_voice_count":0,"_bbp_anonymous_reply_count":0,"_bbp_topic_count_hidden":0,"_bbp_reply_count_hidden":0,"_bbp_forum_subforum_count":0,"footnotes":""},"categories":[1],"tags":[],"class_list":["post-3182","post","type-post","status-publish","format-standard","hentry","category-allgemein"],"_links":{"self":[{"href":"https:\/\/buergerforum-mengen.de\/blog\/wordpress\/wp-json\/wp\/v2\/posts\/3182","targetHints":{"allow":["GET"]}}],"collection":[{"href":"https:\/\/buergerforum-mengen.de\/blog\/wordpress\/wp-json\/wp\/v2\/posts"}],"about":[{"href":"https:\/\/buergerforum-mengen.de\/blog\/wordpress\/wp-json\/wp\/v2\/types\/post"}],"author":[{"embeddable":true,"href":"https:\/\/buergerforum-mengen.de\/blog\/wordpress\/wp-json\/wp\/v2\/users\/3"}],"replies":[{"embeddable":true,"href":"https:\/\/buergerforum-mengen.de\/blog\/wordpress\/wp-json\/wp\/v2\/comments?post=3182"}],"version-history":[{"count":1,"href":"https:\/\/buergerforum-mengen.de\/blog\/wordpress\/wp-json\/wp\/v2\/posts\/3182\/revisions"}],"predecessor-version":[{"id":3183,"href":"https:\/\/buergerforum-mengen.de\/blog\/wordpress\/wp-json\/wp\/v2\/posts\/3182\/revisions\/3183"}],"wp:attachment":[{"href":"https:\/\/buergerforum-mengen.de\/blog\/wordpress\/wp-json\/wp\/v2\/media?parent=3182"}],"wp:term":[{"taxonomy":"category","embeddable":true,"href":"https:\/\/buergerforum-mengen.de\/blog\/wordpress\/wp-json\/wp\/v2\/categories?post=3182"},{"taxonomy":"post_tag","embeddable":true,"href":"https:\/\/buergerforum-mengen.de\/blog\/wordpress\/wp-json\/wp\/v2\/tags?post=3182"}],"curies":[{"name":"wp","href":"https:\/\/api.w.org\/{rel}","templated":true}]}}