{"id":2770,"date":"2023-04-05T20:21:38","date_gmt":"2023-04-05T18:21:38","guid":{"rendered":"https:\/\/buergerforum-mengen.de\/blog\/wordpress\/?p=2770"},"modified":"2023-04-05T20:22:41","modified_gmt":"2023-04-05T18:22:41","slug":"schon-mal-vormerken-verschenke-markt-des-buergerforums","status":"publish","type":"post","link":"https:\/\/buergerforum-mengen.de\/blog\/wordpress\/2023\/04\/schon-mal-vormerken-verschenke-markt-des-buergerforums\/","title":{"rendered":"Schon mal vormerken: Verschenke-Markt des B\u00fcrgerforums"},"content":{"rendered":"<p><strong>Am Samstag, 6. Mai 2023 in und um die Halle Mengen<\/strong><\/p>\n<p>Nach dem gro\u00dfen Erfolg der letzten Jahre und den vielen Nachfragen veranstalten wir auch 2023 wieder einen Verschenke-Markt! Die Idee: Dinge, die man eigentlich nicht mehr braucht, die zum Wegwerfen aber viel zu schade sind, k\u00f6nnen bei uns abgegeben werden und finden am Verschenke-Markt einen neuen Besitzer. <strong>Das alles kostenlos und ohne R\u00fccknahmeverpflichtung. <\/strong><\/p>\n<p><strong><u>\u00a0<\/u><\/strong><\/p>\n<p><strong><u>ANGENOMMEN WIRD ALLES, WAS NOCH GUT ERHALTEN, SAUBER UND FUNKTIONSF\u00c4HIG IST:<\/u><\/strong><\/p>\n<p>* Haushaltsgegenst\u00e4nde: Porzellan, T\u00f6pfe, Geschirr, Gl\u00e4ser, Sch\u00fcsseln\u2026..<\/p>\n<p>* B\u00fccher, CDs, DVDs, (keine Videos), Spiele f\u00fcr Jung und Alt\u2026.<\/p>\n<p>* Sport- und Freizeitartikel (aber <strong><em>keine<\/em><\/strong> Sportbekleidung \/-schuhe, <strong><em>keine<\/em><\/strong> Ski)<\/p>\n<p>* Korbwaren, Lampen, Klein- und Gartenm\u00f6bel\u2026.<\/p>\n<p>* Funktionsf\u00e4hige Elektro- und Haushaltsger\u00e4te<\/p>\n<p>* Funktionst\u00fcchtige Elektronikartikel: Radios, CD- und DVD-Player,\u00a0 Flachbild-Fernseher (<strong><em>keine<\/em><\/strong> R\u00f6hren-Ger\u00e4te) , \u2026.<\/p>\n<p>* Verkehrst\u00fcchtige Fahrr\u00e4der<\/p>\n<p>* Gr\u00f6\u00dfere oder sperrige Dinge (Schr\u00e4nke, Waschmaschinen etc.) k\u00f6nnen Sie gerne mit Foto und Kontaktadresse an unsere Pinwand anpinnen, dann k\u00f6nnen\u00a0 evtl. Interessenten die Sachen bei Ihnen abholen!<\/p>\n<p>&nbsp;<\/p>\n<p><strong>Achten Sie auf die Sauberkeit und Qualit\u00e4t der Artikel, die Sie abgeben! <\/strong><\/p>\n<p><strong>Bitte liefern Sie nur etwas an, was Sie auch selbst mitnehmen w\u00fcrden! <\/strong><\/p>\n<p>&nbsp;<\/p>\n<p><strong><u>NICHT ANGENOMMEN WERDEN<\/u><\/strong><strong>:<\/strong><\/p>\n<p>* Matratzen, Bettdecken, Kissen, Teppiche, Kleidung, Schuhe, Textilien<\/p>\n<p>* muffige Koffer oder Taschen<\/p>\n<p>* Angeschlagene Geschirr- oder Keramikteile und Glaswaren<\/p>\n<p>* Defekte Elektro- \/ Haushaltsger\u00e4te, R\u00f6hren-TV-Ger\u00e4te, Batterien, Gl\u00fchbirnen<\/p>\n<p>* Medikamente, Farben, Reifen, Schneeketten, Ski<\/p>\n<p>* Dinge die im Sonderm\u00fcll entsorgt werden m\u00fcssen<\/p>\n<p>* Pers\u00f6nliche Gegenst\u00e4nde wie Pokale, Urkunden, Medaillen<\/p>\n<p>&nbsp;<\/p>\n<p>Wer in der n\u00e4chsten Zeit ans Aufr\u00e4umen \/ Entr\u00fcmpeln geht, kann sch\u00f6ne \/ intakte Dinge f\u00fcr unseren Verschenke-Markt <strong>bis zum 6. Mai aufbewahren und dann bei uns abgeben<\/strong>. Sie helfen uns, wenn Sie Ihre Sachen in Kartons abgeben, die Sie nicht mehr zur\u00fcckhaben wollen. <strong>Werden Ihre Sachen nicht abgeholt, k\u00fcmmern wir uns um die Verwertung<\/strong>. Viele gemeinn\u00fctzige Organisationen sind dankbar f\u00fcr Sachspenden. Vielleicht finden Sie auf dem Verschenke-Markt aber auch sch\u00f6ne Dinge, die bei Ihnen im Haushalt noch fehlen? <strong>Zum St\u00f6bern und Mitnehmen ist \u00fcbrigens die GANZE BEV\u00d6LKERUNG herzlich eingeladen, <\/strong>auch wenn man nichts f\u00fcr den Verschenke-Markt abgegeben hat.<\/p>\n<p>&nbsp;<\/p>\n","protected":false},"excerpt":{"rendered":"<p>Am Samstag, 6. Mai 2023 in und um die Halle Mengen Nach dem gro\u00dfen Erfolg der letzten Jahre und den vielen Nachfragen veranstalten wir auch 2023 wieder einen Verschenke-Markt! Die Idee: Dinge, die man eigentlich nicht mehr braucht, die zum &hellip; <a href=\"https:\/\/buergerforum-mengen.de\/blog\/wordpress\/2023\/04\/schon-mal-vormerken-verschenke-markt-des-buergerforums\/\">Weiterlesen <span class=\"meta-nav\">&rarr;<\/span><\/a><\/p>\n","protected":false},"author":3,"featured_media":0,"comment_status":"open","ping_status":"open","sticky":false,"template":"","format":"standard","meta":{"_bbp_topic_count":0,"_bbp_reply_count":0,"_bbp_total_topic_count":0,"_bbp_total_reply_count":0,"_bbp_voice_count":0,"_bbp_anonymous_reply_count":0,"_bbp_topic_count_hidden":0,"_bbp_reply_count_hidden":0,"_bbp_forum_subforum_count":0,"footnotes":""},"categories":[1],"tags":[],"class_list":["post-2770","post","type-post","status-publish","format-standard","hentry","category-allgemein"],"_links":{"self":[{"href":"https:\/\/buergerforum-mengen.de\/blog\/wordpress\/wp-json\/wp\/v2\/posts\/2770","targetHints":{"allow":["GET"]}}],"collection":[{"href":"https:\/\/buergerforum-mengen.de\/blog\/wordpress\/wp-json\/wp\/v2\/posts"}],"about":[{"href":"https:\/\/buergerforum-mengen.de\/blog\/wordpress\/wp-json\/wp\/v2\/types\/post"}],"author":[{"embeddable":true,"href":"https:\/\/buergerforum-mengen.de\/blog\/wordpress\/wp-json\/wp\/v2\/users\/3"}],"replies":[{"embeddable":true,"href":"https:\/\/buergerforum-mengen.de\/blog\/wordpress\/wp-json\/wp\/v2\/comments?post=2770"}],"version-history":[{"count":1,"href":"https:\/\/buergerforum-mengen.de\/blog\/wordpress\/wp-json\/wp\/v2\/posts\/2770\/revisions"}],"predecessor-version":[{"id":2771,"href":"https:\/\/buergerforum-mengen.de\/blog\/wordpress\/wp-json\/wp\/v2\/posts\/2770\/revisions\/2771"}],"wp:attachment":[{"href":"https:\/\/buergerforum-mengen.de\/blog\/wordpress\/wp-json\/wp\/v2\/media?parent=2770"}],"wp:term":[{"taxonomy":"category","embeddable":true,"href":"https:\/\/buergerforum-mengen.de\/blog\/wordpress\/wp-json\/wp\/v2\/categories?post=2770"},{"taxonomy":"post_tag","embeddable":true,"href":"https:\/\/buergerforum-mengen.de\/blog\/wordpress\/wp-json\/wp\/v2\/tags?post=2770"}],"curies":[{"name":"wp","href":"https:\/\/api.w.org\/{rel}","templated":true}]}}