{"id":2602,"date":"2022-09-08T20:00:57","date_gmt":"2022-09-08T18:00:57","guid":{"rendered":"https:\/\/buergerforum-mengen.de\/blog\/wordpress\/?p=2602"},"modified":"2022-09-08T20:08:17","modified_gmt":"2022-09-08T18:08:17","slug":"auffuehrung-des-theaterstuecks-karl-may-un-die-mengener-bandite","status":"publish","type":"post","link":"https:\/\/buergerforum-mengen.de\/blog\/wordpress\/2022\/09\/auffuehrung-des-theaterstuecks-karl-may-un-die-mengener-bandite\/","title":{"rendered":"Auff\u00fchrung des Theaterst\u00fccks \u201eKarl May un die Mengener Bandite\u201c"},"content":{"rendered":"<p><strong>Samstag, 17.9.2022, 19.30 Uhr, vor der Kirche in Mengen: <\/strong><\/p>\n<p><strong>Auff\u00fchrung des Theaterst\u00fccks \u201eKarl May un die Mengener Bandite\u201c (Eintritt frei)<\/strong><\/p>\n<p>Nach dem \u00fcberw\u00e4ltigenden Erfolg des historischen Laienschauspiels \u201eUn de Bur stoht uff\u201c im September 2019 setzen wir nun unsere erfolgreiche Reihe der Open Air Auff\u00fchrungen vor der Kirche in Mengen fort: <strong>Gespielt wird am 17. September 2022 das St\u00fcck \u201eKarl May un die Mengener Bandite\u201c von Silke Kiechle.<\/strong><\/p>\n<p><a href=\"https:\/\/buergerforum-mengen.de\/blog\/wordpress\/wp-content\/uploads\/2022\/08\/2022_PLAKAT_Karl-May.jpg\"><img loading=\"lazy\" decoding=\"async\" class=\"alignnone size-large wp-image-2588\" src=\"https:\/\/buergerforum-mengen.de\/blog\/wordpress\/wp-content\/uploads\/2022\/08\/2022_PLAKAT_Karl-May-724x1024.jpg\" alt=\"\" width=\"640\" height=\"905\" \/><\/a><\/p>\n<p>Wer kennt ihn und seine Geschichten aus dem wilden Westen mit den legend\u00e4ren Helden Winnetou und Old Shatterhand nicht? Karl May schrieb eine Vielzahl von historischen Abenteuerromanen und begeisterte damit ganze Generationen. Historische Quellen belegen, dass der Schriftsteller auf seinen zahlreichen Reisen auch Mengen besuchte: gemeinsam mit seinem Freiburger Verleger Friedrich Ernst Fehsenfeld war er damals im weit \u00fcber die Gemarkungsgrenzen hinaus bekannten Mengener Gasthaus \u201eR\u00f6ssle\u201c essen. Was er dort erlebte und wie er diese Dinge in seine Romane einarbeitete\u2026das ist historisch nat\u00fcrlich nicht verb\u00fcrgt, entspringt der lebhaften Fantasie der Autorin und verspricht eine ganze Menge Spa\u00df und gute Unterhaltung! Ab 18.30 Uhr unterh\u00e4lt der Musikverein Mengen, der die Auff\u00fchrung auch musikalisch begleiten wird, die G\u00e4ste. Wir hoffen nun auf gutes Wetter und ein erneut riesiges Publikumsinteresse, wie schon vor 3 Jahren.<\/p>\n<table width=\"100%\">\n<tbody>\n<tr>\n<td><strong>Info an unsere Besucher: Die Hauptstra\u00dfe in Mengen ist f\u00fcr diese Auff\u00fchrung gesperrt <\/strong>(Umleitung ist ausgeschildert)<strong> und f\u00fcr das Publikum bestuhlt. <\/strong>(Begrenztes Sitzplatzangebot &#8211; kommen Sie bitte rechtzeitig &#8211; Vorab-Reservierungen f\u00fcr Sitzpl\u00e4tze sind nicht m\u00f6glich!).<strong> Bitte achten Sie auf wettergerechte, warme Kleidung und bringen Sie ggfs. eine warme Decke mit. Der Eintritt ist frei &#8211; wir freuen uns \u00fcber Spenden. <\/strong>F\u00fcr das leibliche Wohl ist mit einem Speisen- und Getr\u00e4nkeangebot gesorgt. Das Theaterst\u00fcck wird bis ca. 21 Uhr dauern. Auch nach der Auff\u00fchrung wird noch bewirtet. Wir freuen uns auf zahlreiche Besucher!<\/p>\n<p>&nbsp;<\/td>\n<\/tr>\n<\/tbody>\n<\/table>\n","protected":false},"excerpt":{"rendered":"<p>Samstag, 17.9.2022, 19.30 Uhr, vor der Kirche in Mengen: Auff\u00fchrung des Theaterst\u00fccks \u201eKarl May un die Mengener Bandite\u201c (Eintritt frei) Nach dem \u00fcberw\u00e4ltigenden Erfolg des historischen Laienschauspiels \u201eUn de Bur stoht uff\u201c im September 2019 setzen wir nun unsere erfolgreiche &hellip; <a href=\"https:\/\/buergerforum-mengen.de\/blog\/wordpress\/2022\/09\/auffuehrung-des-theaterstuecks-karl-may-un-die-mengener-bandite\/\">Weiterlesen <span class=\"meta-nav\">&rarr;<\/span><\/a><\/p>\n","protected":false},"author":3,"featured_media":0,"comment_status":"open","ping_status":"open","sticky":false,"template":"","format":"standard","meta":{"_bbp_topic_count":0,"_bbp_reply_count":0,"_bbp_total_topic_count":0,"_bbp_total_reply_count":0,"_bbp_voice_count":0,"_bbp_anonymous_reply_count":0,"_bbp_topic_count_hidden":0,"_bbp_reply_count_hidden":0,"_bbp_forum_subforum_count":0,"footnotes":""},"categories":[1],"tags":[],"class_list":["post-2602","post","type-post","status-publish","format-standard","hentry","category-allgemein"],"_links":{"self":[{"href":"https:\/\/buergerforum-mengen.de\/blog\/wordpress\/wp-json\/wp\/v2\/posts\/2602","targetHints":{"allow":["GET"]}}],"collection":[{"href":"https:\/\/buergerforum-mengen.de\/blog\/wordpress\/wp-json\/wp\/v2\/posts"}],"about":[{"href":"https:\/\/buergerforum-mengen.de\/blog\/wordpress\/wp-json\/wp\/v2\/types\/post"}],"author":[{"embeddable":true,"href":"https:\/\/buergerforum-mengen.de\/blog\/wordpress\/wp-json\/wp\/v2\/users\/3"}],"replies":[{"embeddable":true,"href":"https:\/\/buergerforum-mengen.de\/blog\/wordpress\/wp-json\/wp\/v2\/comments?post=2602"}],"version-history":[{"count":2,"href":"https:\/\/buergerforum-mengen.de\/blog\/wordpress\/wp-json\/wp\/v2\/posts\/2602\/revisions"}],"predecessor-version":[{"id":2613,"href":"https:\/\/buergerforum-mengen.de\/blog\/wordpress\/wp-json\/wp\/v2\/posts\/2602\/revisions\/2613"}],"wp:attachment":[{"href":"https:\/\/buergerforum-mengen.de\/blog\/wordpress\/wp-json\/wp\/v2\/media?parent=2602"}],"wp:term":[{"taxonomy":"category","embeddable":true,"href":"https:\/\/buergerforum-mengen.de\/blog\/wordpress\/wp-json\/wp\/v2\/categories?post=2602"},{"taxonomy":"post_tag","embeddable":true,"href":"https:\/\/buergerforum-mengen.de\/blog\/wordpress\/wp-json\/wp\/v2\/tags?post=2602"}],"curies":[{"name":"wp","href":"https:\/\/api.w.org\/{rel}","templated":true}]}}