{"id":2520,"date":"2022-06-16T19:36:04","date_gmt":"2022-06-16T17:36:04","guid":{"rendered":"https:\/\/buergerforum-mengen.de\/blog\/wordpress\/?p=2520"},"modified":"2022-06-16T19:36:04","modified_gmt":"2022-06-16T17:36:04","slug":"helfer-unterstuetzer-oder-mitglieder-fuer-die-arbeitsgruppen-gesucht","status":"publish","type":"post","link":"https:\/\/buergerforum-mengen.de\/blog\/wordpress\/2022\/06\/helfer-unterstuetzer-oder-mitglieder-fuer-die-arbeitsgruppen-gesucht\/","title":{"rendered":"Helfer, Unterst\u00fctzer oder Mitglieder f\u00fcr die Arbeitsgruppen gesucht"},"content":{"rendered":"<p>Seit der offiziellen Gr\u00fcndung des B\u00fcrgerforums im Jahr 2015 haben wir das Dorfleben in Mengen durch zahlreiche Aktionen und Veranstaltungen bereichert, z.B. durch die beliebten Dorfcaf\u00e9s, den Verschenkemarkt, die Dorfputzede, den B\u00fcrgertreff, den Herbstmarkt, die Fahrrad-Werkstatt, das Sportangebot f\u00fcr Jugendliche und, und, und. B\u00fcrgerschaftliches Engagement kann vor Ort viel bewegen und macht auch Spa\u00df. Leider haben auch wir nach den Corona-Lockdowns und einigen krankheitsbedingten Ausf\u00e4llen mit einem Schwund an Helfern und Unterst\u00fctzern zu k\u00e4mpfen. Um unsere Aktivit\u00e4ten auch in Zukunft mit einem ausreichenden Helferteam durchf\u00fchren zu k\u00f6nnen, suchen wir nach<\/p>\n<p>* neuen Mitgliedern f\u00fcr unsere Arbeitsgruppen<\/p>\n<p>* Helfern, die uns bei einigen konkreten Aktivit\u00e4ten unterst\u00fctzen (z.B. stundenweise Betreuung des Kleiderlagers f\u00fcr Gefl\u00fcchtete,\u00a0\u00a0 Kuchen backen, Mithilfe bei Veranstaltungen, Auf- und Abbau etc.)<\/p>\n<p>Bei einem ausreichend gro\u00dfen Helferteam ist der zeitliche Aufwand f\u00fcr jeden Einzelnen sehr \u00fcberschaubar und liegt im Durchschnitt bei 1 &#8211; 3 Stunden pro Monat. Wir freuen uns daher, wenn sich einige Mitb\u00fcrger vorstellen k\u00f6nnen, das B\u00fcrgerforum zu unterst\u00fctzen. Meldungen oder Fragen gerne per Mail an <a href=\"mailto:vorstand@buergerforum-mengen.de\">vorstand@buergerforum-mengen.de<\/a>.<\/p>\n<p>&nbsp;<\/p>\n","protected":false},"excerpt":{"rendered":"<p>Seit der offiziellen Gr\u00fcndung des B\u00fcrgerforums im Jahr 2015 haben wir das Dorfleben in Mengen durch zahlreiche Aktionen und Veranstaltungen bereichert, z.B. durch die beliebten Dorfcaf\u00e9s, den Verschenkemarkt, die Dorfputzede, den B\u00fcrgertreff, den Herbstmarkt, die Fahrrad-Werkstatt, das Sportangebot f\u00fcr Jugendliche &hellip; <a href=\"https:\/\/buergerforum-mengen.de\/blog\/wordpress\/2022\/06\/helfer-unterstuetzer-oder-mitglieder-fuer-die-arbeitsgruppen-gesucht\/\">Weiterlesen <span class=\"meta-nav\">&rarr;<\/span><\/a><\/p>\n","protected":false},"author":3,"featured_media":0,"comment_status":"open","ping_status":"open","sticky":false,"template":"","format":"standard","meta":{"_bbp_topic_count":0,"_bbp_reply_count":0,"_bbp_total_topic_count":0,"_bbp_total_reply_count":0,"_bbp_voice_count":0,"_bbp_anonymous_reply_count":0,"_bbp_topic_count_hidden":0,"_bbp_reply_count_hidden":0,"_bbp_forum_subforum_count":0,"footnotes":""},"categories":[1],"tags":[],"class_list":["post-2520","post","type-post","status-publish","format-standard","hentry","category-allgemein"],"_links":{"self":[{"href":"https:\/\/buergerforum-mengen.de\/blog\/wordpress\/wp-json\/wp\/v2\/posts\/2520","targetHints":{"allow":["GET"]}}],"collection":[{"href":"https:\/\/buergerforum-mengen.de\/blog\/wordpress\/wp-json\/wp\/v2\/posts"}],"about":[{"href":"https:\/\/buergerforum-mengen.de\/blog\/wordpress\/wp-json\/wp\/v2\/types\/post"}],"author":[{"embeddable":true,"href":"https:\/\/buergerforum-mengen.de\/blog\/wordpress\/wp-json\/wp\/v2\/users\/3"}],"replies":[{"embeddable":true,"href":"https:\/\/buergerforum-mengen.de\/blog\/wordpress\/wp-json\/wp\/v2\/comments?post=2520"}],"version-history":[{"count":1,"href":"https:\/\/buergerforum-mengen.de\/blog\/wordpress\/wp-json\/wp\/v2\/posts\/2520\/revisions"}],"predecessor-version":[{"id":2521,"href":"https:\/\/buergerforum-mengen.de\/blog\/wordpress\/wp-json\/wp\/v2\/posts\/2520\/revisions\/2521"}],"wp:attachment":[{"href":"https:\/\/buergerforum-mengen.de\/blog\/wordpress\/wp-json\/wp\/v2\/media?parent=2520"}],"wp:term":[{"taxonomy":"category","embeddable":true,"href":"https:\/\/buergerforum-mengen.de\/blog\/wordpress\/wp-json\/wp\/v2\/categories?post=2520"},{"taxonomy":"post_tag","embeddable":true,"href":"https:\/\/buergerforum-mengen.de\/blog\/wordpress\/wp-json\/wp\/v2\/tags?post=2520"}],"curies":[{"name":"wp","href":"https:\/\/api.w.org\/{rel}","templated":true}]}}