{"id":2204,"date":"2020-11-03T20:18:03","date_gmt":"2020-11-03T19:18:03","guid":{"rendered":"https:\/\/buergerforum-mengen.de\/blog\/wordpress\/?p=2204"},"modified":"2020-11-03T20:18:15","modified_gmt":"2020-11-03T19:18:15","slug":"neues-vom-buecherzimmer-achtung-auch-wir-sind-aktuell-im-lockdown","status":"publish","type":"post","link":"https:\/\/buergerforum-mengen.de\/blog\/wordpress\/2020\/11\/neues-vom-buecherzimmer-achtung-auch-wir-sind-aktuell-im-lockdown\/","title":{"rendered":"Neues vom B\u00fccherzimmer: ACHTUNG, auch wir sind aktuell im Lockdown!"},"content":{"rendered":"<p><a href=\"https:\/\/buergerforum-mengen.de\/blog\/wordpress\/wp-content\/uploads\/2020\/11\/Schild_B\u00fccherzimmer.jpg\"><img loading=\"lazy\" decoding=\"async\" class=\"alignnone size-large wp-image-2205\" src=\"https:\/\/buergerforum-mengen.de\/blog\/wordpress\/wp-content\/uploads\/2020\/11\/Schild_B\u00fccherzimmer-805x1024.jpg\" alt=\"\" width=\"640\" height=\"814\" \/><\/a><\/p>\n<p>Endlich ist es da: Unser neues, fest stehendes Schild f\u00fcrs B\u00fccherzimmer. Gut ersichtlich steht es auf der Rasenfl\u00e4che vor dem Pfarrhaus, Hauptstra\u00dfe 42 und weist allen \u201eLeseratten\u201c den Weg. Es ersetzt das bisherige Pappschild, das nach jedem Regen neu gestaltet werden musste. Und es zeigt unmissverst\u00e4ndlich, wo das Team vom B\u00fccherzimmer \u201ezuhause\u201c ist: Weder in der Grundschule (wie es mal ger\u00fcchteweise hie\u00df), noch in der Schulstra\u00dfe, im Haus des B\u00fcrgerforums-Vorstandes (wie die BZ f\u00e4lschlicherweise berichtet hatte). Herr B\u00f6senecker bietet uns noch immer \u201eUnterschlupf\u201c im Pfarrhaus &#8211; seit einigen Monaten sogar im deutlich gr\u00f6\u00dferen Besprechungszimmer. Hier haben wir mehr Platz und bieten nach wie vor Kaffee und Geb\u00e4ck f\u00fcr unsere Besucher. Herzlichen Dank an Herrn B\u00f6senecker und an unsere Stammg\u00e4ste, die uns die Treue halten. Das Geld in unserem Kaffeek\u00e4ssle konnten wir nun dazu verwenden, unser neues Schild zu kaufen.<\/p>\n<p>&nbsp;<\/p>\n<p><strong>Wir haben uns sehr \u00fcber unser neues Schild gefreut, aber die aktuellen Ereignisse haben auch uns \u201e\u00fcberrollt\u201c: Ab sofort ist auch das B\u00fccherzimmer im Lockdown. Wir informieren Sie rechtzeitig, wenn wir wieder \u00f6ffnen k\u00f6nnen. Bleiben Sie gesund! <\/strong><\/p>\n","protected":false},"excerpt":{"rendered":"<p>Endlich ist es da: Unser neues, fest stehendes Schild f\u00fcrs B\u00fccherzimmer. Gut ersichtlich steht es auf der Rasenfl\u00e4che vor dem Pfarrhaus, Hauptstra\u00dfe 42 und weist allen \u201eLeseratten\u201c den Weg. Es ersetzt das bisherige Pappschild, das nach jedem Regen neu gestaltet &hellip; <a href=\"https:\/\/buergerforum-mengen.de\/blog\/wordpress\/2020\/11\/neues-vom-buecherzimmer-achtung-auch-wir-sind-aktuell-im-lockdown\/\">Weiterlesen <span class=\"meta-nav\">&rarr;<\/span><\/a><\/p>\n","protected":false},"author":3,"featured_media":0,"comment_status":"open","ping_status":"open","sticky":false,"template":"","format":"standard","meta":{"_bbp_topic_count":0,"_bbp_reply_count":0,"_bbp_total_topic_count":0,"_bbp_total_reply_count":0,"_bbp_voice_count":0,"_bbp_anonymous_reply_count":0,"_bbp_topic_count_hidden":0,"_bbp_reply_count_hidden":0,"_bbp_forum_subforum_count":0,"footnotes":""},"categories":[1],"tags":[],"class_list":["post-2204","post","type-post","status-publish","format-standard","hentry","category-allgemein"],"_links":{"self":[{"href":"https:\/\/buergerforum-mengen.de\/blog\/wordpress\/wp-json\/wp\/v2\/posts\/2204","targetHints":{"allow":["GET"]}}],"collection":[{"href":"https:\/\/buergerforum-mengen.de\/blog\/wordpress\/wp-json\/wp\/v2\/posts"}],"about":[{"href":"https:\/\/buergerforum-mengen.de\/blog\/wordpress\/wp-json\/wp\/v2\/types\/post"}],"author":[{"embeddable":true,"href":"https:\/\/buergerforum-mengen.de\/blog\/wordpress\/wp-json\/wp\/v2\/users\/3"}],"replies":[{"embeddable":true,"href":"https:\/\/buergerforum-mengen.de\/blog\/wordpress\/wp-json\/wp\/v2\/comments?post=2204"}],"version-history":[{"count":1,"href":"https:\/\/buergerforum-mengen.de\/blog\/wordpress\/wp-json\/wp\/v2\/posts\/2204\/revisions"}],"predecessor-version":[{"id":2206,"href":"https:\/\/buergerforum-mengen.de\/blog\/wordpress\/wp-json\/wp\/v2\/posts\/2204\/revisions\/2206"}],"wp:attachment":[{"href":"https:\/\/buergerforum-mengen.de\/blog\/wordpress\/wp-json\/wp\/v2\/media?parent=2204"}],"wp:term":[{"taxonomy":"category","embeddable":true,"href":"https:\/\/buergerforum-mengen.de\/blog\/wordpress\/wp-json\/wp\/v2\/categories?post=2204"},{"taxonomy":"post_tag","embeddable":true,"href":"https:\/\/buergerforum-mengen.de\/blog\/wordpress\/wp-json\/wp\/v2\/tags?post=2204"}],"curies":[{"name":"wp","href":"https:\/\/api.w.org\/{rel}","templated":true}]}}