{"id":2099,"date":"2020-07-07T20:33:56","date_gmt":"2020-07-07T18:33:56","guid":{"rendered":"https:\/\/buergerforum-mengen.de\/blog\/wordpress\/?p=2099"},"modified":"2020-07-07T20:33:56","modified_gmt":"2020-07-07T18:33:56","slug":"erhalt-der-notfallversorgung-in-der-becker-klinik","status":"publish","type":"post","link":"https:\/\/buergerforum-mengen.de\/blog\/wordpress\/2020\/07\/erhalt-der-notfallversorgung-in-der-becker-klinik\/","title":{"rendered":"Erhalt der Notfallversorgung in der Becker-Klinik"},"content":{"rendered":"<p><strong>Unterschriften sammeln f\u00fcr den Erhalt der Notfallversorgung in der Becker-Klinik<\/strong><\/p>\n<p>Viele von Euch haben es mitbekommen, dass die Beckerklinik k\u00fcnftig aus politischen Gr\u00fcnden keine Notfallversorgung mehr rund um die Uhr anbieten darf. F\u00fcr viele Menschen in der Region wird sich damit die medizinische Versorgung bedeutend verschlechtern. Wer schon einmal in der Uniklinik Freiburg oder in der Notfallpraxis des Josefskrankenhauses stundenlang auf eine Behandlung \/ Versorgung gewartet hat, kann ein Lied davon singen! In der Beckerklinik haben wir bislang von einer schnellen, kompetenten Versorgung und einer guten Organisation profitiert. Die Stadt Bad Krozingen hat eine Unterschriftenaktion gestartet, mit der sie f\u00fcr den Erhalt der Notfallversorgung in der Beckerklinik k\u00e4mpft.<\/p>\n<p>Auch f\u00fcr die B\u00fcrger aus der gesamten Gemeinde Schallstadt w\u00e4re es ein gro\u00dfer Einschnitt, wenn die Notfallversorgung in Bad Krozingen eingestellt werden m\u00fcsste. Aktuell sind einige Mitglieder und Unterst\u00fctzer des B\u00fcrgerforums dabei, Unterschriften bei Nachbarn, Freunden und Vereinskollegen zu sammeln und sie dann bei der Stadt Bad Krozingen abzugeben. Wer auch immer dabei helfen will, ist herzlich eingeladen! Die Unterschriftenliste gibt es als PDF zum Download auf <a href=\"http:\/\/www.bad-krozingen.de\">www.bad-krozingen.de<\/a> (unter der Rubrik \u201eb\u00fcrgernah\u00a0 &#8211;\u00a0 Presse und Neuigkeiten\u201c). Oder Ihr schickt eine Mail an sabine_schweizer@gmx.de\u00a0 &#8211; dann bekommt Ihr die Liste direkt als PDF per Mail. <strong>Wichtig: Die Listen m\u00fcssen bis sp\u00e4testens 20.7.2020 bei der Stadt Bad Krozingen vorliegen. Entweder Ihr gebt die Listen selbst dort ab oder werft die Listen in den Briefkasten von Sabine Schweizer, Weberstra\u00dfe 15 a (Mengen). Alles, was bis zum 18.7. abends hier ankommt, wird am 19.\/20.7. gesammelt in Bad Krozingen abgegeben.<\/strong><\/p>\n","protected":false},"excerpt":{"rendered":"<p>Unterschriften sammeln f\u00fcr den Erhalt der Notfallversorgung in der Becker-Klinik Viele von Euch haben es mitbekommen, dass die Beckerklinik k\u00fcnftig aus politischen Gr\u00fcnden keine Notfallversorgung mehr rund um die Uhr anbieten darf. F\u00fcr viele Menschen in der Region wird sich &hellip; <a href=\"https:\/\/buergerforum-mengen.de\/blog\/wordpress\/2020\/07\/erhalt-der-notfallversorgung-in-der-becker-klinik\/\">Weiterlesen <span class=\"meta-nav\">&rarr;<\/span><\/a><\/p>\n","protected":false},"author":3,"featured_media":0,"comment_status":"open","ping_status":"open","sticky":false,"template":"","format":"standard","meta":{"_bbp_topic_count":0,"_bbp_reply_count":0,"_bbp_total_topic_count":0,"_bbp_total_reply_count":0,"_bbp_voice_count":0,"_bbp_anonymous_reply_count":0,"_bbp_topic_count_hidden":0,"_bbp_reply_count_hidden":0,"_bbp_forum_subforum_count":0,"footnotes":""},"categories":[1],"tags":[],"class_list":["post-2099","post","type-post","status-publish","format-standard","hentry","category-allgemein"],"_links":{"self":[{"href":"https:\/\/buergerforum-mengen.de\/blog\/wordpress\/wp-json\/wp\/v2\/posts\/2099","targetHints":{"allow":["GET"]}}],"collection":[{"href":"https:\/\/buergerforum-mengen.de\/blog\/wordpress\/wp-json\/wp\/v2\/posts"}],"about":[{"href":"https:\/\/buergerforum-mengen.de\/blog\/wordpress\/wp-json\/wp\/v2\/types\/post"}],"author":[{"embeddable":true,"href":"https:\/\/buergerforum-mengen.de\/blog\/wordpress\/wp-json\/wp\/v2\/users\/3"}],"replies":[{"embeddable":true,"href":"https:\/\/buergerforum-mengen.de\/blog\/wordpress\/wp-json\/wp\/v2\/comments?post=2099"}],"version-history":[{"count":1,"href":"https:\/\/buergerforum-mengen.de\/blog\/wordpress\/wp-json\/wp\/v2\/posts\/2099\/revisions"}],"predecessor-version":[{"id":2100,"href":"https:\/\/buergerforum-mengen.de\/blog\/wordpress\/wp-json\/wp\/v2\/posts\/2099\/revisions\/2100"}],"wp:attachment":[{"href":"https:\/\/buergerforum-mengen.de\/blog\/wordpress\/wp-json\/wp\/v2\/media?parent=2099"}],"wp:term":[{"taxonomy":"category","embeddable":true,"href":"https:\/\/buergerforum-mengen.de\/blog\/wordpress\/wp-json\/wp\/v2\/categories?post=2099"},{"taxonomy":"post_tag","embeddable":true,"href":"https:\/\/buergerforum-mengen.de\/blog\/wordpress\/wp-json\/wp\/v2\/tags?post=2099"}],"curies":[{"name":"wp","href":"https:\/\/api.w.org\/{rel}","templated":true}]}}